{"id":6123,"date":"2026-03-08T19:50:24","date_gmt":"2026-03-08T18:50:24","guid":{"rendered":"https:\/\/www.carpe-diem-studios.de\/blog\/?p=6123"},"modified":"2026-04-10T17:08:45","modified_gmt":"2026-04-10T15:08:45","slug":"die-carpe-diem-studios","status":"publish","type":"post","link":"https:\/\/www.carpe-diem-studios.de\/blog\/die-carpe-diem-studios\/","title":{"rendered":"Die Carpe Diem Studios"},"content":{"rendered":"<p><img decoding=\"async\" class=\"alignleft wp-image-6126 size-medium\" src=\"https:\/\/www.carpe-diem-studios.de\/blog\/wp-content\/uploads\/2026\/03\/D6C5247B-0F31-49BF-ACB5-E8F036BE95F0-300x97.jpeg\" alt=\"\" width=\"300\" height=\"97\" data-wp-pid=\"6126\" srcset=\"https:\/\/www.carpe-diem-studios.de\/blog\/wp-content\/uploads\/2026\/03\/D6C5247B-0F31-49BF-ACB5-E8F036BE95F0-200x65.jpeg 200w, https:\/\/www.carpe-diem-studios.de\/blog\/wp-content\/uploads\/2026\/03\/D6C5247B-0F31-49BF-ACB5-E8F036BE95F0-300x97.jpeg 300w, https:\/\/www.carpe-diem-studios.de\/blog\/wp-content\/uploads\/2026\/03\/D6C5247B-0F31-49BF-ACB5-E8F036BE95F0-400x130.jpeg 400w, https:\/\/www.carpe-diem-studios.de\/blog\/wp-content\/uploads\/2026\/03\/D6C5247B-0F31-49BF-ACB5-E8F036BE95F0-600x194.jpeg 600w, https:\/\/www.carpe-diem-studios.de\/blog\/wp-content\/uploads\/2026\/03\/D6C5247B-0F31-49BF-ACB5-E8F036BE95F0-768x249.jpeg 768w, https:\/\/www.carpe-diem-studios.de\/blog\/wp-content\/uploads\/2026\/03\/D6C5247B-0F31-49BF-ACB5-E8F036BE95F0-800x259.jpeg 800w, https:\/\/www.carpe-diem-studios.de\/blog\/wp-content\/uploads\/2026\/03\/D6C5247B-0F31-49BF-ACB5-E8F036BE95F0-1024x332.jpeg 1024w, https:\/\/www.carpe-diem-studios.de\/blog\/wp-content\/uploads\/2026\/03\/D6C5247B-0F31-49BF-ACB5-E8F036BE95F0.jpeg 1194w\" sizes=\"(max-width: 300px) 100vw, 300px\" \/>Seit 1997 widmen wir uns bei den Carpe Diem Studios einer ganz besonderen Leidenschaft: <strong>Werbung f\u00fcr die Ohren<\/strong>. Was uns antreibt, ist die \u00dcberzeugung, dass guter Ton mehr ist als nur Technik. Er ist Emotion, Atmosph\u00e4re und Pers\u00f6nlichkeit \u2013 und genau das m\u00f6chten wir f\u00fcr unsere Kunden h\u00f6rbar machen.<\/p>\n<p><span style=\"font-size: 20px;\"><strong>Unser Tonstudio f\u00fcr Werbung<\/strong><\/span><\/p>\n<p>Als <a href=\"https:\/\/www.synchronsprecher.de\/blog\/tonstudio-fuer-werbung\/\"><span style=\"color: #339966;\">Tonstudio f\u00fcr Werbung<\/span><\/a> produzieren wir auditive Inhalte, die im Ged\u00e4chtnis bleiben. Sprache, Musik und Soundeffekte verbinden sich bei uns zu einer klanglichen Geschichte, die Marken lebendig macht. Ob Funkspot, Imagefilm oder eine pr\u00e4gnante Telefonansage \u2013 wir sorgen daf\u00fcr, dass Ihre Botschaft nicht nur geh\u00f6rt, sondern auch gesp\u00fcrt wird.<\/p>\n<p><span style=\"font-size: 20px;\"><strong>Kreativit\u00e4t und Handwerk seit \u00fcber zwei Jahrzehnten<\/strong><\/span><\/p>\n<p>In unseren Studios in Baden-W\u00fcrttemberg komponieren und arrangieren wir Musik, entwickeln Klangkonzepte und produzieren Sprachaufnahmen f\u00fcr unterschiedlichste Projekte. Dabei arbeiten wir f\u00fcr Kunden aus nahezu allen Branchen. Vom kleinen, regionalen Unternehmen bis hin zu gro\u00dfen Labels und bekannten Marken \u2013 jedes Projekt bekommt bei uns die gleiche Aufmerksamkeit und Sorgfalt.<\/p>\n<p><strong><span style=\"font-size: 20px;\">Werbung, die man h\u00f6ren kann<\/span><\/strong><\/p>\n<p>Wir verstehen uns als Produktionshaus f\u00fcr feine Werbung f\u00fcr die Ohren. Dazu geh\u00f6ren unter anderem:<\/p>\n<ul>\n<li>\ud83d\udfe2 <a href=\"https:\/\/www.synchronsprecher.de\/leistungen\/produktion.html\">Hochwertiger Ton f\u00fcr Imagefilme<\/a><\/li>\n<li>\ud83d\udfe2 <a href=\"https:\/\/www.synchronsprecher.de\/blog\/radiospot-produktion-radiospot-erstellen-lassen\/\">Professionelle Funkspots<\/a><\/li>\n<li>\ud83d\udfe2 <a href=\"https:\/\/www.synchronsprecher.de\/blog\/sound-logo-erstellen-lassen-audio-branding-vom-profi\/\">Starke Sound Logos<\/a><\/li>\n<li>\ud83d\udfe2 <a href=\"https:\/\/www.synchronsprecher.de\/Sprachen\/index.html\">Native Speaker vom Feinsten<\/a><\/li>\n<li>\ud83d\udfe2 <a href=\"https:\/\/www.synchronsprecher.de\/blog\/?p=17149&amp;preview=true\"><span style=\"text-decoration: underline;\">A<\/span>uthentische Sprachaufnahmen<\/a><\/li>\n<li>\ud83d\udfe2 <a href=\"https:\/\/www.1a-telefonansagen.de\/\">Telefon- und Anrufbeantworter-Ansagen<\/a><\/li>\n<li>\ud83d\udfe2 <a href=\"https:\/\/www.synchronsprecher.de\/blog\/sprecherin-fuer-medizinische-und-pharmazeutische-texte\/\">Vertonungen medizinischer Inhalte mit spezialisierten Sprecherinnen und Sprechern<\/a><\/li>\n<\/ul>\n<p>Gerade bei sensiblen Themen oder komplexen Inhalten ist die richtige Stimme entscheidend. Mit unserer gro\u00dfen Auswahl an Werbestimmen &amp; Profisprechern helfen Ihnen dabei, genau den Ton zu treffen, der bei Ihrer Kundschaft Vertrauen schafft.<\/p>\n<p><span style=\"font-size: 20px;\"><strong>Full Service \u2013 auch wenn es schnell gehen muss &#8211; Express Service<\/strong><\/span><\/p>\n<p>Manchmal muss es einfach schnell gehen. Deshalb sind wir auch f\u00fcr kurzfristige Produktionen da \u2013 selbst \u00fcber das Wochenende. F\u00fcr uns geh\u00f6rt das zum echten Full Service dazu! &#8211; Versprochen!<\/p>\n<p><strong><span style=\"text-decoration: underline;\">Und das Beste:<\/span><\/strong> Bei uns bedient Sie noch der Chef pers\u00f6nlich. Keine Hotline, keine Umwege \u2013 sondern direkte Kommunikation und echte Leidenschaft f\u00fcr guten Ton.<\/p>\n<p>Wenn Sie also jemanden suchen, der Ihre Botschaft h\u00f6rbar macht, rufen Sie uns einfach an: <strong>0049 &#8211; (0) 7805 493990<\/strong><\/p>\n<p>Oder schreiben Sie uns eine Mail an: <strong>cd@carpe-diem-studios.de <\/strong>(Corsta Danner &#8211; Inhaber)<\/p>\n<p>Wir freuen uns darauf, gemeinsam mit Ihnen den richtigen Ton zu finden. \ud83c\udfa7<\/p>\n<p><strong>Ihre Carpe Diem Studios &#8211; Kreativschmiede f\u00fcr Audio &amp; Audiovisuelles<\/strong>.<\/p>\n<p><img decoding=\"async\" class=\"aligncenter wp-image-6160\" src=\"https:\/\/www.carpe-diem-studios.de\/blog\/wp-content\/uploads\/2026\/04\/CDS2_3D_LOGO_2.tif\" alt=\"\" width=\"398\" height=\"398\" data-wp-pid=\"6160\" \/><\/p>\n<table style=\"width: 100%; border-collapse: collapse; background-color: #c5a485;\">\n<tbody>\n<tr>\n<td style=\"width: 100%; text-align: center;\"><a href=\"https:\/\/www.synchronsprecher.de\/blog\/tonstudio-fuer-werbung\/\"><span style=\"color: #ffffff;\">TONSTUDIO F\u00dcR WERBUNG<\/span><\/a> <span style=\"color: #90704c;\">I<\/span> <a href=\"https:\/\/www.synchronsprecher.de\/blog\/audio-agentur\/\"><span style=\"color: #ffffff;\">AUDIO AGENTUR<\/span><\/a> <span style=\"color: #90704c;\">I<\/span> <a href=\"https:\/\/www.carpe-diem-studios.de\/\"><span style=\"color: #ffffff;\">KREATIVSCHMIEDE<\/span><\/a> <span style=\"color: #90704c;\">I<\/span> <a href=\"https:\/\/www.synchronsprecher.de\/leistungen\/produktion.html\"><span style=\"color: #ffffff;\">AUDIO MANUFAKTUR<\/span><\/a> <span style=\"color: #90704c;\">I<\/span> <a href=\"https:\/\/www.synchronsprecher.de\/blog\/sprecherkartei\/\"><span style=\"color: #ffffff;\">SPRECHERKARTEI<\/span><\/a> <span style=\"color: #90704c;\">I<\/span> <a href=\"https:\/\/www.synchronsprecher.de\/leistungen\/voice-over-sprecher.html\"><span style=\"color: #ffffff;\">VOICE OVER<\/span><\/a><\/td>\n<\/tr>\n<\/tbody>\n<\/table>\n","protected":false},"excerpt":{"rendered":"<p>Seit 1997 widmen wir uns bei den Carpe Diem Studios einer ganz besonderen Leidenschaft: Werbung f\u00fcr die Ohren. Was uns antreibt, ist die \u00dcberzeugung, dass guter Ton mehr ist als nur Technik. Er ist Emotion, Atmosph\u00e4re und Pers\u00f6nlichkeit \u2013 und genau das m\u00f6chten wir f\u00fcr unsere Kunden h\u00f6rbar machen. Unser Tonstudio f\u00fcr Werbung Als Tonstudio f\u00fcr Werbung produzieren wir auditive Inhalte, die im Ged\u00e4chtnis bleiben. Sprache, Musik und Soundeffekte verbinden sich bei uns zu einer klanglichen Geschichte, die Marken lebendig macht. Ob Funkspot, Imagefilm oder eine pr\u00e4gnante Telefonansage \u2013 wir sorgen daf\u00fcr, dass Ihre Botschaft [&hellip;]<\/p>\n","protected":false},"author":2,"featured_media":6126,"comment_status":"open","ping_status":"open","sticky":false,"template":"","format":"standard","meta":{"footnotes":""},"categories":[4],"tags":[],"class_list":["post-6123","post","type-post","status-publish","format-standard","has-post-thumbnail","hentry","category-produktionen"],"yoast_head":"<!-- This site is optimized with the Yoast SEO plugin v27.5 - https:\/\/yoast.com\/product\/yoast-seo-wordpress\/ -->\n<title>Die Carpe Diem Studios - Carpe Diem Studios<\/title>\n<meta name=\"description\" content=\"Synchronsprecher, Synchronstimme, Voice Over, Native Speaker, Sprachproduktion, Profisprecher, Werbesprecher, Off Sprecher, Off Stimme, Werbespots, Funkspots, Rundfunkwerbung, Radiowerbung und mehr | Carpe Diem Studios\" \/>\n<meta name=\"robots\" content=\"index, follow, max-snippet:-1, max-image-preview:large, max-video-preview:-1\" \/>\n<link rel=\"canonical\" href=\"https:\/\/www.carpe-diem-studios.de\/blog\/die-carpe-diem-studios\/\" \/>\n<script type=\"application\/ld+json\" class=\"yoast-schema-graph\">{\"@context\":\"https:\\\/\\\/schema.org\",\"@graph\":[]}<\/script>\n<!-- \/ Yoast SEO plugin. -->","yoast_head_json":{"title":"Die Carpe Diem Studios - Carpe Diem Studios","description":"Synchronsprecher, Synchronstimme, Voice Over, Native Speaker, Sprachproduktion, Profisprecher, Werbesprecher, Off Sprecher, Off Stimme, Werbespots, Funkspots, Rundfunkwerbung, Radiowerbung und mehr | Carpe Diem Studios","robots":{"index":"index","follow":"follow","max-snippet":"max-snippet:-1","max-image-preview":"max-image-preview:large","max-video-preview":"max-video-preview:-1"},"canonical":"https:\/\/www.carpe-diem-studios.de\/blog\/die-carpe-diem-studios\/","schema":{"@context":"https:\/\/schema.org","@graph":[]}},"_links":{"self":[{"href":"https:\/\/www.carpe-diem-studios.de\/blog\/wp-json\/wp\/v2\/posts\/6123","targetHints":{"allow":["GET"]}}],"collection":[{"href":"https:\/\/www.carpe-diem-studios.de\/blog\/wp-json\/wp\/v2\/posts"}],"about":[{"href":"https:\/\/www.carpe-diem-studios.de\/blog\/wp-json\/wp\/v2\/types\/post"}],"author":[{"embeddable":true,"href":"https:\/\/www.carpe-diem-studios.de\/blog\/wp-json\/wp\/v2\/users\/2"}],"replies":[{"embeddable":true,"href":"https:\/\/www.carpe-diem-studios.de\/blog\/wp-json\/wp\/v2\/comments?post=6123"}],"version-history":[{"count":7,"href":"https:\/\/www.carpe-diem-studios.de\/blog\/wp-json\/wp\/v2\/posts\/6123\/revisions"}],"predecessor-version":[{"id":6255,"href":"https:\/\/www.carpe-diem-studios.de\/blog\/wp-json\/wp\/v2\/posts\/6123\/revisions\/6255"}],"wp:featuredmedia":[{"embeddable":true,"href":"https:\/\/www.carpe-diem-studios.de\/blog\/wp-json\/wp\/v2\/media\/6126"}],"wp:attachment":[{"href":"https:\/\/www.carpe-diem-studios.de\/blog\/wp-json\/wp\/v2\/media?parent=6123"}],"wp:term":[{"taxonomy":"category","embeddable":true,"href":"https:\/\/www.carpe-diem-studios.de\/blog\/wp-json\/wp\/v2\/categories?post=6123"},{"taxonomy":"post_tag","embeddable":true,"href":"https:\/\/www.carpe-diem-studios.de\/blog\/wp-json\/wp\/v2\/tags?post=6123"}],"curies":[{"name":"wp","href":"https:\/\/api.w.org\/{rel}","templated":true}]}}