{"id":5903,"date":"2025-11-14T12:46:06","date_gmt":"2025-11-14T11:46:06","guid":{"rendered":"https:\/\/www.carpe-diem-studios.de\/blog\/?p=5903"},"modified":"2026-02-04T20:52:46","modified_gmt":"2026-02-04T19:52:46","slug":"hexeneinmaleins-intro-fuer-fasnacht-sprecher-tonstudio","status":"publish","type":"post","link":"https:\/\/www.carpe-diem-studios.de\/blog\/hexeneinmaleins-intro-fuer-fasnacht-sprecher-tonstudio\/","title":{"rendered":"Hexeneinmaleins &#8211; Intro f\u00fcr Fasnacht &#8211; Sprecher &#8211; Tonstudio"},"content":{"rendered":"<p><img decoding=\"async\" class=\"aligncenter wp-image-5904 size-medium\" src=\"https:\/\/www.carpe-diem-studios.de\/blog\/wp-content\/uploads\/2025\/11\/Hexeneinmaleins-300x205.jpg\" alt=\"\" width=\"300\" height=\"205\" data-wp-pid=\"5904\" srcset=\"https:\/\/www.carpe-diem-studios.de\/blog\/wp-content\/uploads\/2025\/11\/Hexeneinmaleins-200x137.jpg 200w, https:\/\/www.carpe-diem-studios.de\/blog\/wp-content\/uploads\/2025\/11\/Hexeneinmaleins-300x205.jpg 300w, https:\/\/www.carpe-diem-studios.de\/blog\/wp-content\/uploads\/2025\/11\/Hexeneinmaleins-400x274.jpg 400w, https:\/\/www.carpe-diem-studios.de\/blog\/wp-content\/uploads\/2025\/11\/Hexeneinmaleins-600x411.jpg 600w, https:\/\/www.carpe-diem-studios.de\/blog\/wp-content\/uploads\/2025\/11\/Hexeneinmaleins-768x526.jpg 768w, https:\/\/www.carpe-diem-studios.de\/blog\/wp-content\/uploads\/2025\/11\/Hexeneinmaleins-800x548.jpg 800w, https:\/\/www.carpe-diem-studios.de\/blog\/wp-content\/uploads\/2025\/11\/Hexeneinmaleins-1024x701.jpg 1024w, https:\/\/www.carpe-diem-studios.de\/blog\/wp-content\/uploads\/2025\/11\/Hexeneinmaleins-1200x822.jpg 1200w, https:\/\/www.carpe-diem-studios.de\/blog\/wp-content\/uploads\/2025\/11\/Hexeneinmaleins.jpg 1427w\" sizes=\"(max-width: 300px) 100vw, 300px\" \/><\/p>\n<p>Das Hexeneinmaleins (im Original Hexen-Einmal-Eins, in sp\u00e4teren Ausgaben Hexen-Einmaleins) ist in diesem Wortlaut ein Auszug aus Johann Wolfgang von Goethes Faust I in der Szene Hexenk\u00fcche. Die Szene der Hexenk\u00fcche und damit auch das Hexeneinmaleins sind erstmals in der Ausgabe Faust, Ein Fragment (gedruckt 1790) vorhanden. Im Urfaust fehlt die Szene noch. Dort ist durch den Handlungsablauf noch keine Verj\u00fcngung von Faust erforderlich.<\/p>\n<p>Die Lahrer Narrenzunft w\u00fcnschte sich ein neues Intro &#8211; Jingle f\u00fcr Ihren Hexentanz.<br \/>\nAls Stimme fungiert unser talentierter und wandelbarer <strong>Synchronsprecher<\/strong> <span style=\"color: #008000;\" data-darkreader-inline-color=\"\"><a style=\"color: #008000;\" href=\"https:\/\/www.synchronsprecher.de\/blog\/achim-werbesprecher-german-voice-over-talent-for-commercial-male\/\" data-darkreader-inline-color=\"\">Achim<\/a><\/span>.<\/p>\n<p>Und bitte:<\/p>\n<p>Intro zum Hexentanz<\/p>\n<!--[if lt IE 9]><script>document.createElement('audio');<\/script><![endif]-->\n<audio class=\"wp-audio-shortcode\" id=\"audio-5903-1\" preload=\"none\" style=\"width: 100%;\" controls=\"controls\"><source type=\"audio\/mpeg\" src=\"https:\/\/www.carpe-diem-studios.de\/blog\/wp-content\/uploads\/2025\/11\/Hexeneinmaleins.mp3?_=1\" \/><a href=\"https:\/\/www.carpe-diem-studios.de\/blog\/wp-content\/uploads\/2025\/11\/Hexeneinmaleins.mp3\">https:\/\/www.carpe-diem-studios.de\/blog\/wp-content\/uploads\/2025\/11\/Hexeneinmaleins.mp3<\/a><\/audio>\n<p style=\"text-align: center;\">Danke Narrenzuft Lahr \u2764\ufe0f!<\/p>\n<p>&nbsp;<\/p>\n<p><span style=\"text-decoration: underline;\">Text des Hexeneinmaleins:<\/span><br \/>\nMephisto f\u00fchrt Faust in eine Hexenk\u00fcche, um dort einen Verj\u00fcngungstrank f\u00fcr Faust brauen zu lassen. Unter allerlei Spektakel deklamiert die Hexe aus einem dicken Buch folgenden Zauberspruch:<\/p>\n<p>\u201eDu musst verstehn!<br \/>\nAus Eins mach\u2019 Zehn,<br \/>\nUnd Zwei lass gehn,<br \/>\nUnd Drei mach\u2019 gleich,<br \/>\nSo bist Du reich.<br \/>\nVerlier\u2019 die Vier!<br \/>\nAus F\u00fcnf und Sechs,<br \/>\nSo sagt die Hex\u2019,<br \/>\nMach\u2019 Sieben und Acht,<br \/>\nSo ist\u2019s vollbracht:<br \/>\nUnd Neun ist Eins,<br \/>\nUnd Zehn ist keins.<br \/>\nDas ist das Hexen-Einmal-Eins!\u201c<\/p>\n","protected":false},"excerpt":{"rendered":"<p>Das Hexeneinmaleins (im Original Hexen-Einmal-Eins, in sp\u00e4teren Ausgaben Hexen-Einmaleins) ist in diesem Wortlaut ein Auszug aus Johann Wolfgang von Goethes Faust I in der Szene Hexenk\u00fcche. Die Szene der Hexenk\u00fcche und damit auch das Hexeneinmaleins sind erstmals in der Ausgabe Faust, Ein Fragment (gedruckt 1790) vorhanden. Im Urfaust fehlt die Szene noch. Dort ist durch den Handlungsablauf noch keine Verj\u00fcngung von Faust erforderlich. Die Lahrer Narrenzunft w\u00fcnschte sich ein neues Intro &#8211; Jingle f\u00fcr Ihren Hexentanz. Als Stimme fungiert unser talentierter und wandelbarer Synchronsprecher Achim. Und bitte: Intro zum Hexentanz Danke Narrenzuft Lahr \u2764\ufe0f! &nbsp; [&hellip;]<\/p>\n","protected":false},"author":2,"featured_media":5904,"comment_status":"open","ping_status":"open","sticky":false,"template":"","format":"standard","meta":{"footnotes":""},"categories":[4],"tags":[],"class_list":["post-5903","post","type-post","status-publish","format-standard","has-post-thumbnail","hentry","category-produktionen"],"yoast_head":"<!-- This site is optimized with the Yoast SEO plugin v26.2 - https:\/\/yoast.com\/wordpress\/plugins\/seo\/ -->\n<title>Hexeneinmaleins - Intro f\u00fcr Fasnacht - Sprecher - Tonstudio - Carpe Diem Studios<\/title>\n<meta name=\"description\" content=\"SHexeneinmaleins - Intro f\u00fcr Fasnacht - Sprecher - Tonstudio, Funkspots, Rundfunkwerbung, Radiowerbung und mehr | Carpe Diem Studios\" \/>\n<meta name=\"robots\" content=\"index, follow, max-snippet:-1, max-image-preview:large, max-video-preview:-1\" \/>\n<link rel=\"canonical\" href=\"https:\/\/www.carpe-diem-studios.de\/blog\/hexeneinmaleins-intro-fuer-fasnacht-sprecher-tonstudio\/\" \/>\n<script type=\"application\/ld+json\" class=\"yoast-schema-graph\">{\"@context\":\"https:\/\/schema.org\",\"@graph\":[]}<\/script>\n<!-- \/ Yoast SEO plugin. -->","yoast_head_json":{"title":"Hexeneinmaleins - Intro f\u00fcr Fasnacht - Sprecher - Tonstudio - Carpe Diem Studios","description":"SHexeneinmaleins - Intro f\u00fcr Fasnacht - Sprecher - Tonstudio, Funkspots, Rundfunkwerbung, Radiowerbung und mehr | Carpe Diem Studios","robots":{"index":"index","follow":"follow","max-snippet":"max-snippet:-1","max-image-preview":"max-image-preview:large","max-video-preview":"max-video-preview:-1"},"canonical":"https:\/\/www.carpe-diem-studios.de\/blog\/hexeneinmaleins-intro-fuer-fasnacht-sprecher-tonstudio\/","schema":{"@context":"https:\/\/schema.org","@graph":[]}},"_links":{"self":[{"href":"https:\/\/www.carpe-diem-studios.de\/blog\/wp-json\/wp\/v2\/posts\/5903","targetHints":{"allow":["GET"]}}],"collection":[{"href":"https:\/\/www.carpe-diem-studios.de\/blog\/wp-json\/wp\/v2\/posts"}],"about":[{"href":"https:\/\/www.carpe-diem-studios.de\/blog\/wp-json\/wp\/v2\/types\/post"}],"author":[{"embeddable":true,"href":"https:\/\/www.carpe-diem-studios.de\/blog\/wp-json\/wp\/v2\/users\/2"}],"replies":[{"embeddable":true,"href":"https:\/\/www.carpe-diem-studios.de\/blog\/wp-json\/wp\/v2\/comments?post=5903"}],"version-history":[{"count":3,"href":"https:\/\/www.carpe-diem-studios.de\/blog\/wp-json\/wp\/v2\/posts\/5903\/revisions"}],"predecessor-version":[{"id":6019,"href":"https:\/\/www.carpe-diem-studios.de\/blog\/wp-json\/wp\/v2\/posts\/5903\/revisions\/6019"}],"wp:featuredmedia":[{"embeddable":true,"href":"https:\/\/www.carpe-diem-studios.de\/blog\/wp-json\/wp\/v2\/media\/5904"}],"wp:attachment":[{"href":"https:\/\/www.carpe-diem-studios.de\/blog\/wp-json\/wp\/v2\/media?parent=5903"}],"wp:term":[{"taxonomy":"category","embeddable":true,"href":"https:\/\/www.carpe-diem-studios.de\/blog\/wp-json\/wp\/v2\/categories?post=5903"},{"taxonomy":"post_tag","embeddable":true,"href":"https:\/\/www.carpe-diem-studios.de\/blog\/wp-json\/wp\/v2\/tags?post=5903"}],"curies":[{"name":"wp","href":"https:\/\/api.w.org\/{rel}","templated":true}]}}